{"id":3812,"date":"2025-05-20T08:21:26","date_gmt":"2025-05-20T08:21:26","guid":{"rendered":"https:\/\/biosalut.cat\/?p=3812"},"modified":"2025-05-27T09:48:37","modified_gmt":"2025-05-27T09:48:37","slug":"denuncias-en-residencias-de-cataluna-y-espana-una-llamada-a-la-dignidad-en-la-nutricion-geriatrica","status":"publish","type":"post","link":"https:\/\/biosalut.cat\/es\/denuncies-en-residencies-de-catalunya-i-espanya-una-crida-a-la-dignitat-en-la-nutricio-geriatrica\/","title":{"rendered":"Denuncias en Residencias de Catalu\u00f1a y Espa\u00f1a: Un Llamado a la Dignidad en la Nutrici\u00f3n Geri\u00e1trica"},"content":{"rendered":"<p>Las denuncias en residencias de Catalu\u00f1a y Espa\u00f1a, con casos de desnutrici\u00f3n, mala calidad en los men\u00fas y una supervisi\u00f3n alimentaria deficiente, son un problema creciente que exige mejoras urgentes en el sistema. En BioSalut.cat entendemos que la alimentaci\u00f3n es una base esencial para la dignidad y el bienestar de los residentes. De hecho, la nutrici\u00f3n geri\u00e1trica de calidad se ha convertido en un valor a\u00f1adido estrat\u00e9gico, cada vez m\u00e1s apreciado por los propios residentes y sus familias. Esta situaci\u00f3n tambi\u00e9n representa una oportunidad para que las direcciones de los centros se diferencien y apuesten por un futuro con est\u00e1ndares de calidad m\u00e1s elevados.<\/p>\n\n\n<p><\/p>\n\n\n<p><\/p>\n\n\n<p><strong>Casos Alarmantes: La Urgencia de Actuar<\/strong><\/p>\n\n\n<p>Investigaciones y art\u00edculos period\u00edsticos han sacado a la luz graves problemas relacionados con la alimentaci\u00f3n en residencias, destacando la necesidad de actuar con firmeza:<\/p>\n\n\n<ul class=\"wp-block-list\">\n<li><strong>Sant Quirze del Vall\u00e8s (Barcelona):<\/strong> Un judici en curs revela acusacions de desnutrici\u00f3 i condicions insalubres, amb un nombre de men\u00fas inferior al de residents i costos per \u00e0pat molt per sota de la mitjana. Podeu consultar els detalls en aquests articles:\n<ul class=\"wp-block-list\">\n<li><a href=\"https:\/\/elpais.com\/espana\/catalunya\/2025-03-04\/juicio-a-la-direccion-de-una-residencia-de-sant-quirze-por-tener-a-varios-ancianos-desnutridos.html\" target=\"_blank\" rel=\"noreferrer noopener\">Juicio a la direcci\u00f3n de una residencia de Sant Quirze por tener a varios ancianos desnutridos<\/a> (El Pa\u00eds)<\/li>\n\n\n<li><a href=\"https:\/\/www.rtve.es\/noticias\/20250304\/piden-47-anos-responsables-residencia-ancianos-desnutridos-sucios-barcelona\/16476421.shtml\" target=\"_blank\" rel=\"noreferrer noopener\">La Fiscal\u00eda pide hasta 47 a\u00f1os a los responsables de una residencia de Barcelona con ancianos desnutridos y sucios<\/a> (RTVE.es)<\/li>\n<\/ul>\n<\/li>\n\n\n<li><strong>Gesti\u00f3 d&#8217;Eulen (Catalunya):<\/strong> La Generalitat va apartar aquesta empresa per faltes &#8220;molt greus&#8221;, incloent residents deshidratats i control deficient d&#8217;alimentaci\u00f3. M\u00e9s informaci\u00f3 aqu\u00ed:\n<ul class=\"wp-block-list\">\n<li><a href=\"https:\/\/www.infolibre.es\/politica\/ancianos-deshidratados-habitaciones-equivocadas-silencio-centro-faltas-graves-llevaron-generalitat-apartar-eulen-residencia_1_1195323.html\" target=\"_blank\" rel=\"noreferrer noopener\">Ancianos deshidratados, habitaciones equivocadas y silencio del centro: las faltas &#8220;muy graves&#8221; que llevaron a la Generalitat a apartar a Eulen de una residencia<\/a> (InfoLibre)<\/li>\n<\/ul>\n<\/li>\n\n\n<li><strong>Moscatelares (Madrid):<\/strong> Sancionada amb 33.820 \u20ac per servir menjar caducat i no comunicar una intoxicaci\u00f3, un exemple clar dels problemes nutricionals en resid\u00e8ncies. Consulteu-ho a:\n<ul class=\"wp-block-list\">\n<li><a href=\"https:\/\/www.rtve.es\/noticias\/20230620\/sancionan-residencia-madrid-comida-caducada\/2450074.shtml\" target=\"_blank\" rel=\"noreferrer noopener\">Sancionan a una residencia de mayores en Madrid por servir comida que llevaba un a\u00f1o caducada<\/a> (RTVE.es)<\/li>\n\n\n<li><a href=\"https:\/\/www.lavanguardia.com\/comer\/al-dia\/20230620\/9054059\/sancion-residencia-mayores-madrilena-servir-comida-caducada-ano.html\" target=\"_blank\" rel=\"noreferrer noopener\">Sanci\u00f3n a una residencia de mayores madrile\u00f1a por servir comida caducada desde hace un a\u00f1o<\/a> (La Vanguardia)<\/li>\n\n\n<li><a href=\"https:\/\/www.lasexta.com\/noticias\/sociedad\/sancionan-residencia-mayores-servir-comida-caducada-hay-quien-coma_2023062164931175e9f5530001cb75be.html\" target=\"_blank\" rel=\"noreferrer noopener\">Sancionan a una residencia de mayores por servir comida caducada: &#8220;No hay quien se la coma&#8221;<\/a> (LaSexta)<\/li>\n<\/ul>\n<\/li>\n\n\n<li class=\" translation-block\"><strong>Grupo Orpea:<\/strong> Investigaciones internacionales apuntaron a que el grupo Orpea destinaba recursos m\u00ednimos a la alimentaci\u00f3n, recurriendo a la dieta Turmix, que reduc\u00eda dr\u00e1sticamente el valor nutritivo de los men\u00fas. Esta informaci\u00f3n se recoge en: <a href=\"https:\/\/www.consalud.es\/salud35\/nacional\/escandalo-residencias-foco-menus-grupo-orpea_125658_102.html.\" target=\"_self\">https:\/\/www.consalud.es\/salud35\/nacional\/escandalo-residencias-foco-menus-grupo-orpea_125658_102.html.<\/a><\/li>\n\n\n<li class=\" translation-block\"><strong>Testimonios en medios:<\/strong> Numerosos programas (como \u201cHablando en Plata\u201d o \u201cMinutos de Gloria\u201d: <a href=\"https:\/\/youtu.be\/mQeIG5pkesQ?si=xpLaThVLoOtDzd-M\" target=\"_blank\" rel=\"noreferrer noopener\">https:\/\/youtu.be\/mQeIG5pkesQ?si=xpLaThVLoOtDzd-M<\/a>) han recogido testimonios sobre desnutrici\u00f3n y mala calidad de los alimentos, con p\u00e9rdidas de peso severas.<\/li>\n<\/ul>\n\n\n<p>Estos esc\u00e1ndalos en residencias son una llamada de atenci\u00f3n urgente sobre la necesidad de una supervisi\u00f3n alimentaria rigurosa y constante.<\/p>\n\n\n<p><strong>Alimentar es Cuidar: La Clave de la Nutrici\u00f3n Geri\u00e1trica<\/strong><\/p>\n\n\n<p>En BioSalut.cat entendemos que la alimentaci\u00f3n es mucho m\u00e1s que una necesidad b\u00e1sica para los residentes; es un acto multifuncional: fisiol\u00f3gico, emocional y social. Estamos especializados en nutrici\u00f3n geri\u00e1trica y sabemos que una alimentaci\u00f3n equilibrada es clave para combatir la fragilidad y mejorar el pron\u00f3stico cl\u00ednico. Por eso, somos esenciales para garantizar que los men\u00fas adaptados y personalizados no solo sean nutritivos, sino tambi\u00e9n atractivos a la vista y que se realice un control del retorno del plato, una informaci\u00f3n vital para ajustar dietas y mejorar la aceptaci\u00f3n de las comidas.<\/p>\n\n\n<p><strong>Hacia un Modelo Digno y Profesionalizado<\/strong><\/p>\n\n\n<p>El cambio es inminente. El anuncio de una futura regulaci\u00f3n de la calidad alimentaria en hospitales y residencias (prevista para 2025) es una gran oportunidad para profesionalizar la alimentaci\u00f3n en los centros sociosanitarios. Cada vez m\u00e1s residencias apuestan por tener cocina propia, revisiones diet\u00e9ticas peri\u00f3dicas, formaci\u00f3n para el personal y auditor\u00edas nutricionales externas. Estas medidas no solo evitan problemas legales y de reputaci\u00f3n, sino que garantizan un bienestar mucho mayor para los residentes.<\/p>\n\n\n<p><strong>Nuestro Compromiso en BioSalut<\/strong><\/p>\n\n\n<p>Desde BioSalut, como profesionales de la nutrici\u00f3n geri\u00e1trica en Catalu\u00f1a, ofrecemos soluciones integrales para mejorar la alimentaci\u00f3n en residencias. Realizamos auditor\u00edas diet\u00e9ticas completas, formamos a personal de cocina y cuidadores, y colaboramos estrechamente con los centros para optimizar men\u00fas y procesos. Nuestro objetivo es claro: que cada residente tenga dignidad en su plato, porque alimentar bien es cuidar mejor.<\/p>\n\n\n<p><\/p>","protected":false},"excerpt":{"rendered":"<p>Les den\u00fancies en resid\u00e8ncies a Catalunya i Espanya, amb casos de desnutrici\u00f3, mala qualitat dels men\u00fas i deficient supervisi\u00f3 aliment\u00e0ria, s\u00f3n un repte creixent que exigeix una millora del sistema. A BioSalut.cat, entenem que l&#8217;alimentaci\u00f3 \u00e9s un pilar fonamental per a la dignitat i el benestar dels residents. De fet, la nutrici\u00f3 geri\u00e0trica d&#8217;excel\u00b7l\u00e8ncia s&#8217;ha [&hellip;]<\/p>\n","protected":false},"author":2,"featured_media":3813,"comment_status":"closed","ping_status":"closed","sticky":false,"template":"","format":"standard","meta":{"_analytify_skip_tracking":false,"site-sidebar-layout":"default","site-content-layout":"","ast-site-content-layout":"default","site-content-style":"default","site-sidebar-style":"default","ast-global-header-display":"","ast-banner-title-visibility":"","ast-main-header-display":"","ast-hfb-above-header-display":"","ast-hfb-below-header-display":"","ast-hfb-mobile-header-display":"","site-post-title":"","ast-breadcrumbs-content":"","ast-featured-img":"","footer-sml-layout":"","ast-disable-related-posts":"","theme-transparent-header-meta":"","adv-header-id-meta":"","stick-header-meta":"","header-above-stick-meta":"","header-main-stick-meta":"","header-below-stick-meta":"","astra-migrate-meta-layouts":"set","ast-page-background-enabled":"default","ast-page-background-meta":{"desktop":{"background-color":"var(--ast-global-color-4)","background-image":"","background-repeat":"repeat","background-position":"center center","background-size":"auto","background-attachment":"scroll","background-type":"","background-media":"","overlay-type":"","overlay-color":"","overlay-opacity":"","overlay-gradient":""},"tablet":{"background-color":"","background-image":"","background-repeat":"repeat","background-position":"center center","background-size":"auto","background-attachment":"scroll","background-type":"","background-media":"","overlay-type":"","overlay-color":"","overlay-opacity":"","overlay-gradient":""},"mobile":{"background-color":"","background-image":"","background-repeat":"repeat","background-position":"center center","background-size":"auto","background-attachment":"scroll","background-type":"","background-media":"","overlay-type":"","overlay-color":"","overlay-opacity":"","overlay-gradient":""}},"ast-content-background-meta":{"desktop":{"background-color":"var(--ast-global-color-5)","background-image":"","background-repeat":"repeat","background-position":"center center","background-size":"auto","background-attachment":"scroll","background-type":"","background-media":"","overlay-type":"","overlay-color":"","overlay-opacity":"","overlay-gradient":""},"tablet":{"background-color":"var(--ast-global-color-5)","background-image":"","background-repeat":"repeat","background-position":"center center","background-size":"auto","background-attachment":"scroll","background-type":"","background-media":"","overlay-type":"","overlay-color":"","overlay-opacity":"","overlay-gradient":""},"mobile":{"background-color":"var(--ast-global-color-5)","background-image":"","background-repeat":"repeat","background-position":"center center","background-size":"auto","background-attachment":"scroll","background-type":"","background-media":"","overlay-type":"","overlay-color":"","overlay-opacity":"","overlay-gradient":""}},"_jetpack_memberships_contains_paid_content":false,"footnotes":""},"categories":[150,75,149,90,147,144,148,122],"tags":[138,151,154,155,126,97,136,152,108,111,153,137,110,113],"class_list":["post-3812","post","type-post","status-publish","format-standard","has-post-thumbnail","hentry","category-denuncies-i-bones-practiques","category-geriatria","category-gestio-i-qualitat-de-residencies","category-inspeccions","category-nutricio-geriatrica","category-residencies-de-gent-gran","category-residencies-gent-gran","category-residencies-geriatriques","tag-alimentacio-geriatrica","tag-alimentacio-residencies","tag-auditoria-nutricional","tag-benestar-residents","tag-cuina-geriatrica","tag-cuina-i-auxiliars","tag-cuina-propia","tag-denuncies-residencies","tag-geriatria","tag-nutricio-geriatrica","tag-qualitat-menus","tag-residencies-de-gent-gran","tag-residencies-geriatriques","tag-salut-de-la-gent-gran"],"jetpack_featured_media_url":"https:\/\/biosalut.cat\/wp-content\/uploads\/2025\/05\/No-se-come.png","jetpack_sharing_enabled":true,"rttpg_featured_image_url":{"full":["https:\/\/biosalut.cat\/wp-content\/uploads\/2025\/05\/No-se-come.png",718,398,false],"landscape":["https:\/\/biosalut.cat\/wp-content\/uploads\/2025\/05\/No-se-come.png",718,398,false],"portraits":["https:\/\/biosalut.cat\/wp-content\/uploads\/2025\/05\/No-se-come.png",718,398,false],"thumbnail":["https:\/\/biosalut.cat\/wp-content\/uploads\/2025\/05\/No-se-come-150x150.png",150,150,true],"medium":["https:\/\/biosalut.cat\/wp-content\/uploads\/2025\/05\/No-se-come-300x166.png",300,166,true],"large":["https:\/\/biosalut.cat\/wp-content\/uploads\/2025\/05\/No-se-come.png",718,398,false],"1536x1536":["https:\/\/biosalut.cat\/wp-content\/uploads\/2025\/05\/No-se-come.png",718,398,false],"2048x2048":["https:\/\/biosalut.cat\/wp-content\/uploads\/2025\/05\/No-se-come.png",718,398,false],"trp-custom-language-flag":["https:\/\/biosalut.cat\/wp-content\/uploads\/2025\/05\/No-se-come-18x10.png",18,10,true]},"rttpg_author":{"display_name":"Rosalia Boncompte","author_link":"https:\/\/biosalut.cat\/es\/author\/rosaliabiosalut-cat\/"},"rttpg_comment":0,"rttpg_category":"<a href=\"https:\/\/biosalut.cat\/es\/category\/inspeccions\/denuncies-i-bones-practiques\/\" rel=\"category tag\">Denuncies i Bones Pr\u00e0ctiques<\/a> <a href=\"https:\/\/biosalut.cat\/es\/category\/geriatria\/\" rel=\"category tag\">Geriatria<\/a> <a href=\"https:\/\/biosalut.cat\/es\/category\/inspeccions\/gestio-i-qualitat-de-residencies\/\" rel=\"category tag\">Gesti\u00f3 i Qualitat de resid\u00e8ncies<\/a> <a href=\"https:\/\/biosalut.cat\/es\/category\/inspeccions\/\" rel=\"category tag\">Inspeccions<\/a> <a href=\"https:\/\/biosalut.cat\/es\/category\/geriatria\/nutricio-geriatrica\/\" rel=\"category tag\">Nutrici\u00f3 geri\u00e0trica<\/a> <a href=\"https:\/\/biosalut.cat\/es\/category\/residencies-de-gent-gran\/\" rel=\"category tag\">Resid\u00e8ncies de Gent Gran<\/a> <a href=\"https:\/\/biosalut.cat\/es\/category\/geriatria\/residencies-gent-gran\/\" rel=\"category tag\">Resid\u00e8ncies gent gran<\/a> <a href=\"https:\/\/biosalut.cat\/es\/category\/geriatria\/residencies-geriatriques\/\" rel=\"category tag\">residencies_geriatriques<\/a>","rttpg_excerpt":"Les den\u00fancies en resid\u00e8ncies a Catalunya i Espanya, amb casos de desnutrici\u00f3, mala qualitat dels men\u00fas i deficient supervisi\u00f3 aliment\u00e0ria, s\u00f3n un repte creixent que exigeix una millora del sistema. A BioSalut.cat, entenem que l&#8217;alimentaci\u00f3 \u00e9s un pilar fonamental per a la dignitat i el benestar dels residents. De fet, la nutrici\u00f3 geri\u00e0trica d&#8217;excel\u00b7l\u00e8ncia s&#8217;ha&hellip;","_links":{"self":[{"href":"https:\/\/biosalut.cat\/es\/wp-json\/wp\/v2\/posts\/3812","targetHints":{"allow":["GET"]}}],"collection":[{"href":"https:\/\/biosalut.cat\/es\/wp-json\/wp\/v2\/posts"}],"about":[{"href":"https:\/\/biosalut.cat\/es\/wp-json\/wp\/v2\/types\/post"}],"author":[{"embeddable":true,"href":"https:\/\/biosalut.cat\/es\/wp-json\/wp\/v2\/users\/2"}],"replies":[{"embeddable":true,"href":"https:\/\/biosalut.cat\/es\/wp-json\/wp\/v2\/comments?post=3812"}],"version-history":[{"count":10,"href":"https:\/\/biosalut.cat\/es\/wp-json\/wp\/v2\/posts\/3812\/revisions"}],"predecessor-version":[{"id":3831,"href":"https:\/\/biosalut.cat\/es\/wp-json\/wp\/v2\/posts\/3812\/revisions\/3831"}],"wp:featuredmedia":[{"embeddable":true,"href":"https:\/\/biosalut.cat\/es\/wp-json\/wp\/v2\/media\/3813"}],"wp:attachment":[{"href":"https:\/\/biosalut.cat\/es\/wp-json\/wp\/v2\/media?parent=3812"}],"wp:term":[{"taxonomy":"category","embeddable":true,"href":"https:\/\/biosalut.cat\/es\/wp-json\/wp\/v2\/categories?post=3812"},{"taxonomy":"post_tag","embeddable":true,"href":"https:\/\/biosalut.cat\/es\/wp-json\/wp\/v2\/tags?post=3812"}],"curies":[{"name":"wp","href":"https:\/\/api.w.org\/{rel}","templated":true}]}}