{"id":3905,"date":"2025-06-12T10:14:12","date_gmt":"2025-06-12T10:14:12","guid":{"rendered":"https:\/\/biosalut.cat\/?p=3905"},"modified":"2025-06-12T10:44:24","modified_gmt":"2025-06-12T10:44:24","slug":"errores-frecuentes-en-menus-de-residencias-geriatricas-y-como-evitarlos","status":"publish","type":"post","link":"https:\/\/biosalut.cat\/es\/errors-frequents-en-menus-de-residencies-geriatriques-i-com-evitar-los\/","title":{"rendered":"Errores frecuentes en men\u00fas de residencias geri\u00e1tricas y c\u00f3mo evitarlos"},"content":{"rendered":"<p class=\" translation-block\">En <strong>Biosalut.cat<\/strong>, como profesionales especializados en nutrici\u00f3n geri\u00e1trica, sabemos que una alimentaci\u00f3n adecuada es uno de los pilares fundamentales para preservar la salud y la funcionalidad de las personas mayores. Sin embargo, en muchas residencias se cometen errores frecuentes en la planificaci\u00f3n y ejecuci\u00f3n de los men\u00fas, que pueden tener consecuencias importantes a corto y largo plazo.<\/p>\n\n\n\n<p>A continuaci\u00f3n, exponemos los errores m\u00e1s frecuentes que detectamos en nuestro trabajo diario en centros geri\u00e1tricos:<\/p>\n\n\n\n<p><\/p>\n\n\n\n<h6 class=\"wp-block-heading\" id=\"h-1-aportacio-insuficient-de-proteines-especialment-en-l-esmorzar-i-el-sopar\">1. <strong>Aporte insuficiente de prote\u00ednas, especialmente en el desayuno y la cena<\/strong><\/h6>\n\n\n\n<p>Las comidas m\u00e1s ligeras del d\u00eda suelen ser pobres en prote\u00ednas de calidad. Esto dificulta el mantenimiento de la masa muscular y aumenta el riesgo de sarcopenia, fragilidad y p\u00e9rdida de autonom\u00eda.<\/p>\n\n\n\n<h6 class=\"wp-block-heading\" id=\"h-2-us-habitual-de-sucs-industrials-com-a-font-d-hidratacio\">2. <strong>Uso habitual de zumos industriales como fuente de hidrataci\u00f3n<\/strong><\/h6>\n\n\n\n<p>Los zumos envasados son ricos en az\u00facares y pobres en nutrientes. Adem\u00e1s, no sustituyen una hidrataci\u00f3n adecuada con agua o l\u00edquidos naturales. En las personas mayores, esto puede contribuir a la deshidrataci\u00f3n y a alteraciones metab\u00f3licas.<\/p>\n\n\n\n<h6 class=\"wp-block-heading\" id=\"h-3-verdures-congelades-mal-tractades-i-sobrecuites\">3. <strong>Verduras congeladas mal tratadas y sobrecocinadas<\/strong><\/h6>\n\n\n\n<p>Aunque las verduras congeladas pueden ser \u00fatiles, el uso exclusivo y una cocci\u00f3n prolongada destruyen gran parte de sus nutrientes, reducen el sabor y hacen que el plato sea poco atractivo para el residente.<\/p>\n\n\n\n<h6 class=\"wp-block-heading\" id=\"h-4-aportacio-insuficient-de-potassi\">4. <strong>Aporte insuficiente de potasio<\/strong><\/h6>\n\n\n\n<p>Tambi\u00e9n hay que tener en cuenta que la cocci\u00f3n excesiva y el uso de productos refinados o congelados empobrecen el contenido en potasio, un mineral esencial para la funci\u00f3n muscular, la salud cardiovascular y la regulaci\u00f3n de los l\u00edquidos corporales.<\/p>\n\n\n\n<h6 class=\"wp-block-heading\" id=\"h-5-menus-repetitius-i-poc-variats\">5. <strong>Men\u00fas repetitivos y poco variados<\/strong><\/h6>\n\n\n\n<p>La falta de rotaci\u00f3n y creatividad en los platos puede provocar desinter\u00e9s y falta de apetito. En consecuencia, un men\u00fa equilibrado tambi\u00e9n debe ser atractivo y estimular las ganas de comer.<\/p>\n\n\n\n<h6 class=\"wp-block-heading\" id=\"h-6-no-adaptar-l-alimentacio-a-les-necessitats-cliniques-individuals\">6. <strong>No adaptar la alimentaci\u00f3n a las necesidades cl\u00ednicas individuales<\/strong><\/h6>\n\n\n\n<p class=\" translation-block\">Cada residente tiene su historial de salud. Es un error ofrecer el mismo men\u00fa a todos sin tener en cuenta condiciones como la diabetes, insuficiencia renal, estre\u00f1imiento o deterioro cognitivo.<br>Adem\u00e1s, la adaptaci\u00f3n de texturas por sospecha de disfagia solo debe hacerse despu\u00e9s de una valoraci\u00f3n individual por parte de un profesional sanitario cualificado (m\u00e9dico, enfermero\/a con formaci\u00f3n o logopeda). Adaptar texturas sin diagn\u00f3stico puede conllevar errores nutricionales o comprometer la seguridad alimentaria del residente.<\/p>\n\n\n\n<h6 class=\"wp-block-heading\" id=\"h-7-deficit-de-fibra-alimentaria\">7. <strong>D\u00e9ficit de fibra alimentaria<\/strong><\/h6>\n\n\n\n<p>Por otro lado, una dieta pobre en fruta fresca, legumbres y cereales integrales favorece problemas digestivos frecuentes como el estre\u00f1imiento, muy habitual en personas mayores institucionalizadas.<\/p>\n\n\n\n<h6 class=\"wp-block-heading\" id=\"h-8-presencia-d-ultraprocessats-i-fregits-al-menu\">8. <strong>Presencia de ultraprocesados y fritos en el men\u00fa<\/strong><\/h6>\n\n\n\n<p>En muchos men\u00fas de residencias, las croquetas congeladas, los embutidos, los postres industriales y los fritos son demasiado habituales. Como resultado, estos alimentos aportan calor\u00edas vac\u00edas, un exceso de sodio y grasas poco saludables.<\/p>\n\n\n\n<h6 class=\"wp-block-heading\" id=\"h-9-tecniques-culinaries-que-destrueixen-nutrients\">9. <strong>T\u00e9cnicas culinarias que destruyen nutrientes<\/strong><\/h6>\n\n\n\n<p>Hervir demasiado tiempo, recalentar varias veces o no aprovechar m\u00e9todos como el vapor o el horno suave reduce el valor nutricional de los platos y puede afectar tanto el sabor como la digestibilidad.<\/p>\n\n\n\n<h6 class=\"wp-block-heading\" id=\"h-10-manca-de-control-sobre-el-que-realment-es-menja\">10. <strong>Falta de control sobre lo que realmente se come<\/strong><\/h6>\n\n\n\n<p>No registrar si un residente ha comido poco, ha rechazado el plato o ha perdido el apetito impide actuar a tiempo ante una desnutrici\u00f3n potencial.<\/p>\n\n\n\n<h6 class=\"wp-block-heading\" id=\"h-11-canvis-a-cuina-que-no-es-registren\">11. <strong>Cambios en cocina que no se registran<\/strong><\/h6>\n\n\n\n<p>Tambi\u00e9n suele ocurrir que se hacen modificaciones al men\u00fa planificado sin comunicarlas. Esta falta de registro dificulta un seguimiento diet\u00e9tico real y ajustado a las necesidades del residente.<\/p>\n\n\n\n<h6 class=\"wp-block-heading\" id=\"h-12-poca-atencio-a-la-presentacio-dels-plats\">12. <strong>Poca atenci\u00f3n a la presentaci\u00f3n de los platos<\/strong><\/h6>\n\n\n\n<p>La vista tambi\u00e9n alimenta. Una presentaci\u00f3n descuidada reduce las ganas de comer, especialmente en personas con deterioro cognitivo.<\/p>\n\n\n\n<h6 class=\"wp-block-heading\">13. <strong>No tener en cuenta las necesidades cal\u00f3ricas individuales<\/strong><\/h6>\n\n\n\n<p>En muchas residencias se ofrece la misma cantidad de comida a todos los residentes, sin tener en cuenta si son hombres o mujeres, su estructura corporal o su situaci\u00f3n cl\u00ednica. Sin embargo, este es un error frecuente. De hecho, la individualizaci\u00f3n es clave para prevenir tanto la desnutrici\u00f3n como el sobrepeso.<\/p>\n\n\n\n<p><\/p>\n\n\n\n<p>En BioSalut te ayudamos a mejorar la alimentaci\u00f3n y el bienestar de tus residentes. Cont\u00e1ctanos para un servicio profesional de nutrici\u00f3n geri\u00e1trica personalizada y hagamos el cambio juntos, en tu residencia geri\u00e1trica.<\/p>\n\n\n\n<p><\/p>","protected":false},"excerpt":{"rendered":"<p>A Biosalut.cat, com a professionals especialitzats en nutrici\u00f3 geri\u00e0trica, sabem que una alimentaci\u00f3 adequada \u00e9s un dels pilars fonamentals per preservar la salut i la funcionalitat de les persones grans. Tanmateix, en moltes resid\u00e8ncies es cometen errors freq\u00fcents en la planificaci\u00f3 i execuci\u00f3 dels men\u00fas, que poden tenir conseq\u00fc\u00e8ncies importants a curt i llarg termini. [&hellip;]<\/p>\n","protected":false},"author":2,"featured_media":3906,"comment_status":"closed","ping_status":"closed","sticky":false,"template":"","format":"standard","meta":{"_analytify_skip_tracking":false,"site-sidebar-layout":"default","site-content-layout":"","ast-site-content-layout":"default","site-content-style":"default","site-sidebar-style":"default","ast-global-header-display":"","ast-banner-title-visibility":"","ast-main-header-display":"","ast-hfb-above-header-display":"","ast-hfb-below-header-display":"","ast-hfb-mobile-header-display":"","site-post-title":"","ast-breadcrumbs-content":"","ast-featured-img":"","footer-sml-layout":"","ast-disable-related-posts":"","theme-transparent-header-meta":"","adv-header-id-meta":"","stick-header-meta":"","header-above-stick-meta":"","header-main-stick-meta":"","header-below-stick-meta":"","astra-migrate-meta-layouts":"set","ast-page-background-enabled":"default","ast-page-background-meta":{"desktop":{"background-color":"var(--ast-global-color-4)","background-image":"","background-repeat":"repeat","background-position":"center center","background-size":"auto","background-attachment":"scroll","background-type":"","background-media":"","overlay-type":"","overlay-color":"","overlay-opacity":"","overlay-gradient":""},"tablet":{"background-color":"","background-image":"","background-repeat":"repeat","background-position":"center center","background-size":"auto","background-attachment":"scroll","background-type":"","background-media":"","overlay-type":"","overlay-color":"","overlay-opacity":"","overlay-gradient":""},"mobile":{"background-color":"","background-image":"","background-repeat":"repeat","background-position":"center center","background-size":"auto","background-attachment":"scroll","background-type":"","background-media":"","overlay-type":"","overlay-color":"","overlay-opacity":"","overlay-gradient":""}},"ast-content-background-meta":{"desktop":{"background-color":"var(--ast-global-color-5)","background-image":"","background-repeat":"repeat","background-position":"center center","background-size":"auto","background-attachment":"scroll","background-type":"","background-media":"","overlay-type":"","overlay-color":"","overlay-opacity":"","overlay-gradient":""},"tablet":{"background-color":"var(--ast-global-color-5)","background-image":"","background-repeat":"repeat","background-position":"center center","background-size":"auto","background-attachment":"scroll","background-type":"","background-media":"","overlay-type":"","overlay-color":"","overlay-opacity":"","overlay-gradient":""},"mobile":{"background-color":"var(--ast-global-color-5)","background-image":"","background-repeat":"repeat","background-position":"center center","background-size":"auto","background-attachment":"scroll","background-type":"","background-media":"","overlay-type":"","overlay-color":"","overlay-opacity":"","overlay-gradient":""}},"_jetpack_memberships_contains_paid_content":false,"footnotes":""},"categories":[166,157,124,75,149,167,168,129,147,144,148,122,158],"tags":[138,151,155,165,162,160,159,111,164,161,137,110,135,163],"class_list":["post-3905","post","type-post","status-publish","format-standard","has-post-thumbnail","hentry","category-alimentacio-en-residencies","category-consells-nutricionals","category-cuines-de-residencies-geriatriques","category-geriatria","category-gestio-i-qualitat-de-residencies","category-hidratacio","category-menus-i-dietes","category-nutricio","category-nutricio-geriatrica","category-residencies-de-gent-gran","category-residencies-gent-gran","category-residencies-geriatriques","category-salut-i-benestar","tag-alimentacio-geriatrica","tag-alimentacio-residencies","tag-benestar-residents","tag-dieta-personalitzada","tag-disfagia","tag-hidratacio-persones-grans","tag-menus-residencies","tag-nutricio-geriatrica","tag-presentacio-plats","tag-proteines","tag-residencies-de-gent-gran","tag-residencies-geriatriques","tag-salud-en-la-vellesa","tag-verdures-congelades"],"jetpack_featured_media_url":"https:\/\/biosalut.cat\/wp-content\/uploads\/2025\/06\/Captura-de-pantalla-2024-01-09-181258.png","jetpack_sharing_enabled":true,"rttpg_featured_image_url":{"full":["https:\/\/biosalut.cat\/wp-content\/uploads\/2025\/06\/Captura-de-pantalla-2024-01-09-181258.png",1092,567,false],"landscape":["https:\/\/biosalut.cat\/wp-content\/uploads\/2025\/06\/Captura-de-pantalla-2024-01-09-181258.png",1092,567,false],"portraits":["https:\/\/biosalut.cat\/wp-content\/uploads\/2025\/06\/Captura-de-pantalla-2024-01-09-181258.png",1092,567,false],"thumbnail":["https:\/\/biosalut.cat\/wp-content\/uploads\/2025\/06\/Captura-de-pantalla-2024-01-09-181258-150x150.png",150,150,true],"medium":["https:\/\/biosalut.cat\/wp-content\/uploads\/2025\/06\/Captura-de-pantalla-2024-01-09-181258-300x156.png",300,156,true],"large":["https:\/\/biosalut.cat\/wp-content\/uploads\/2025\/06\/Captura-de-pantalla-2024-01-09-181258-1024x532.png",1024,532,true],"1536x1536":["https:\/\/biosalut.cat\/wp-content\/uploads\/2025\/06\/Captura-de-pantalla-2024-01-09-181258.png",1092,567,false],"2048x2048":["https:\/\/biosalut.cat\/wp-content\/uploads\/2025\/06\/Captura-de-pantalla-2024-01-09-181258.png",1092,567,false],"trp-custom-language-flag":["https:\/\/biosalut.cat\/wp-content\/uploads\/2025\/06\/Captura-de-pantalla-2024-01-09-181258-18x9.png",18,9,true]},"rttpg_author":{"display_name":"Rosalia Boncompte","author_link":"https:\/\/biosalut.cat\/es\/author\/rosaliabiosalut-cat\/"},"rttpg_comment":0,"rttpg_category":"<a href=\"https:\/\/biosalut.cat\/es\/category\/geriatria\/alimentacio-en-residencies\/\" rel=\"category tag\">Alimentaci\u00f3 en resid\u00e8ncies<\/a> <a href=\"https:\/\/biosalut.cat\/es\/category\/geriatria\/consells-nutricionals\/\" rel=\"category tag\">Consells Nutricionals<\/a> <a href=\"https:\/\/biosalut.cat\/es\/category\/geriatria\/cuines-de-residencies-geriatriques\/\" rel=\"category tag\">Cuines de residencies geri\u00e0triques<\/a> <a href=\"https:\/\/biosalut.cat\/es\/category\/geriatria\/\" rel=\"category tag\">Geriatria<\/a> <a href=\"https:\/\/biosalut.cat\/es\/category\/inspeccions\/gestio-i-qualitat-de-residencies\/\" rel=\"category tag\">Gesti\u00f3 i Qualitat de resid\u00e8ncies<\/a> <a href=\"https:\/\/biosalut.cat\/es\/category\/geriatria\/hidratacio\/\" rel=\"category tag\">Hidrataci\u00f3<\/a> <a href=\"https:\/\/biosalut.cat\/es\/category\/geriatria\/menus-i-dietes\/\" rel=\"category tag\">Men\u00fas i dietes<\/a> <a href=\"https:\/\/biosalut.cat\/es\/category\/geriatria\/nutricio\/\" rel=\"category tag\">Nutrici\u00f3<\/a> <a href=\"https:\/\/biosalut.cat\/es\/category\/geriatria\/nutricio-geriatrica\/\" rel=\"category tag\">Nutrici\u00f3 geri\u00e0trica<\/a> <a href=\"https:\/\/biosalut.cat\/es\/category\/residencies-de-gent-gran\/\" rel=\"category tag\">Resid\u00e8ncies de Gent Gran<\/a> <a href=\"https:\/\/biosalut.cat\/es\/category\/geriatria\/residencies-gent-gran\/\" rel=\"category tag\">Resid\u00e8ncies gent gran<\/a> <a href=\"https:\/\/biosalut.cat\/es\/category\/geriatria\/residencies-geriatriques\/\" rel=\"category tag\">residencies_geriatriques<\/a> <a href=\"https:\/\/biosalut.cat\/es\/category\/geriatria\/salut-i-benestar\/\" rel=\"category tag\">Salut i benestar<\/a>","rttpg_excerpt":"A Biosalut.cat, com a professionals especialitzats en nutrici\u00f3 geri\u00e0trica, sabem que una alimentaci\u00f3 adequada \u00e9s un dels pilars fonamentals per preservar la salut i la funcionalitat de les persones grans. Tanmateix, en moltes resid\u00e8ncies es cometen errors freq\u00fcents en la planificaci\u00f3 i execuci\u00f3 dels men\u00fas, que poden tenir conseq\u00fc\u00e8ncies importants a curt i llarg termini.&hellip;","_links":{"self":[{"href":"https:\/\/biosalut.cat\/es\/wp-json\/wp\/v2\/posts\/3905","targetHints":{"allow":["GET"]}}],"collection":[{"href":"https:\/\/biosalut.cat\/es\/wp-json\/wp\/v2\/posts"}],"about":[{"href":"https:\/\/biosalut.cat\/es\/wp-json\/wp\/v2\/types\/post"}],"author":[{"embeddable":true,"href":"https:\/\/biosalut.cat\/es\/wp-json\/wp\/v2\/users\/2"}],"replies":[{"embeddable":true,"href":"https:\/\/biosalut.cat\/es\/wp-json\/wp\/v2\/comments?post=3905"}],"version-history":[{"count":8,"href":"https:\/\/biosalut.cat\/es\/wp-json\/wp\/v2\/posts\/3905\/revisions"}],"predecessor-version":[{"id":3919,"href":"https:\/\/biosalut.cat\/es\/wp-json\/wp\/v2\/posts\/3905\/revisions\/3919"}],"wp:featuredmedia":[{"embeddable":true,"href":"https:\/\/biosalut.cat\/es\/wp-json\/wp\/v2\/media\/3906"}],"wp:attachment":[{"href":"https:\/\/biosalut.cat\/es\/wp-json\/wp\/v2\/media?parent=3905"}],"wp:term":[{"taxonomy":"category","embeddable":true,"href":"https:\/\/biosalut.cat\/es\/wp-json\/wp\/v2\/categories?post=3905"},{"taxonomy":"post_tag","embeddable":true,"href":"https:\/\/biosalut.cat\/es\/wp-json\/wp\/v2\/tags?post=3905"}],"curies":[{"name":"wp","href":"https:\/\/api.w.org\/{rel}","templated":true}]}}